{"id":99,"date":"2020-03-02T21:18:19","date_gmt":"2020-03-02T20:18:19","guid":{"rendered":"http:\/\/www.maiclub-barmen.de\/?p=99"},"modified":"2020-03-03T22:27:41","modified_gmt":"2020-03-03T21:27:41","slug":"mai-club-barmen-wieder-aktiv","status":"publish","type":"post","link":"http:\/\/www.maiclub-barmen.de\/?p=99","title":{"rendered":"Gr\u00fcndungsversammlung 2020: Mai-Club Barmen wieder aktiv!"},"content":{"rendered":"<p>Die Barmener Junggesellen trafen sich am Freitag, den 27.02.2020, in der Gastst\u00e4tte \u201eZur Velau\u201c zur diesj\u00e4hrigen Gr\u00fcndungsversammlung. Die Versammlung begann mit dem Jahresbericht des Vorsitzenden Phillip Muckenheim, in dem er sich beim letztj\u00e4hrigen K\u00f6nigspaar Katrin Frechen und Fabian Hellenbrandt f\u00fcr die sch\u00f6ne Maikirmes bedankte. Nach dem positiven Bericht des Kassierers und der Kassenpr\u00fcfer wurde der Vorstand 2019 entlastet und die Neuwahlen begannen. Als 1. Vorsitzender wurde Phillip Muckenheim best\u00e4tigt. Fabian Hellenbrandt, Maik\u00f6nig des letzten Jahres, nahm sein Recht, den Posten des 2. Vorsitzenden zu \u00fcbernehmen nicht in Anspruch, da er seine Vorstandst\u00e4tigkeit beendete. Somit wurde Luca Esser als 2. Vorsitzender gew\u00e4hlt. Als 1. Kassierer wurde Lorenz Juhnke best\u00e4tigt und Philipp Bergmann zum 1. Schriftf\u00fchrer gew\u00e4hlt. Arvid Poschen \u00fcbernimmt das Amt des 2. Kassierers und Timo Kreutz das Amt des 2. Schriftf\u00fchrers. Unsere Neuzug\u00e4nge Niklas Heinen, Lukas Riesen, Philipp v.u.z. Hoensbroech und Malte Mackedanz wurden zu Beisitzern gew\u00e4hlt.<\/p>\n<p>Der Mai-Club Barmen l\u00e4dt zun\u00e4chst herzlich zum Fr\u00fchjahrskonzert in die Sch\u00fctzenhalle Barmen am 28.03.2020 mit dem Spielmannszug Gr\u00fcn-Wei\u00df Lohn und dem Musikcorps W\u00fcrm ein. Die Maikirmes wird traditionell vier Wochen nach Ostern, vom 09.05. bis 11.05.2020 gefeiert.<\/p>\n","protected":false},"excerpt":{"rendered":"<p>Die Barmener Junggesellen trafen sich am Freitag, den 27.02.2020, in der Gastst\u00e4tte \u201eZur Velau\u201c zur diesj\u00e4hrigen Gr\u00fcndungsversammlung. Die Versammlung begann mit dem Jahresbericht des Vorsitzenden Phillip Muckenheim, in dem er sich beim letztj\u00e4hrigen K\u00f6nigspaar Katrin Frechen und Fabian Hellenbrandt f\u00fcr die sch\u00f6ne Maikirmes bedankte. Nach dem positiven Bericht des Kassierers [&hellip;]<\/p>\n","protected":false},"author":1,"featured_media":0,"comment_status":"closed","ping_status":"closed","sticky":false,"template":"","format":"standard","meta":{"_jetpack_memberships_contains_paid_content":false,"footnotes":""},"categories":[3],"tags":[],"jetpack_sharing_enabled":true,"jetpack_featured_media_url":"","_links":{"self":[{"href":"http:\/\/www.maiclub-barmen.de\/index.php?rest_route=\/wp\/v2\/posts\/99"}],"collection":[{"href":"http:\/\/www.maiclub-barmen.de\/index.php?rest_route=\/wp\/v2\/posts"}],"about":[{"href":"http:\/\/www.maiclub-barmen.de\/index.php?rest_route=\/wp\/v2\/types\/post"}],"author":[{"embeddable":true,"href":"http:\/\/www.maiclub-barmen.de\/index.php?rest_route=\/wp\/v2\/users\/1"}],"replies":[{"embeddable":true,"href":"http:\/\/www.maiclub-barmen.de\/index.php?rest_route=%2Fwp%2Fv2%2Fcomments&post=99"}],"version-history":[{"count":2,"href":"http:\/\/www.maiclub-barmen.de\/index.php?rest_route=\/wp\/v2\/posts\/99\/revisions"}],"predecessor-version":[{"id":104,"href":"http:\/\/www.maiclub-barmen.de\/index.php?rest_route=\/wp\/v2\/posts\/99\/revisions\/104"}],"wp:attachment":[{"href":"http:\/\/www.maiclub-barmen.de\/index.php?rest_route=%2Fwp%2Fv2%2Fmedia&parent=99"}],"wp:term":[{"taxonomy":"category","embeddable":true,"href":"http:\/\/www.maiclub-barmen.de\/index.php?rest_route=%2Fwp%2Fv2%2Fcategories&post=99"},{"taxonomy":"post_tag","embeddable":true,"href":"http:\/\/www.maiclub-barmen.de\/index.php?rest_route=%2Fwp%2Fv2%2Ftags&post=99"}],"curies":[{"name":"wp","href":"https:\/\/api.w.org\/{rel}","templated":true}]}}